{"id":5,"date":"2008-03-07T22:00:22","date_gmt":"2008-03-07T20:00:22","guid":{"rendered":"http:\/\/wp1033296.wp056.webpack.hosteurope.de\/sgniederkainsbach\/?p=5"},"modified":"2015-09-04T21:33:12","modified_gmt":"2015-09-04T19:33:12","slug":"jochen-sterz-lost-reinhard-ihrig-ab","status":"publish","type":"post","link":"https:\/\/www.sgniederkainsbach.de\/?p=5","title":{"rendered":"Jochen Sterz l\u00f6st Reinhard Ihrig ab"},"content":{"rendered":"<p>Auf ihr vierzigj\u00e4hriges Bestehen kann die SG Nieder-Kainsbach\/Affh\u00f6llerbach jetzt zur\u00fcckblicken. Bei der Jahreshauptversammlung nannte der Vorstand mehrere Veranstaltungen, mit denen dies gefeiert werden soll. H\u00f6hepunkt wird dabei ein Kommersabend am 31. Mai sein.<br \/>\nVorsitzender Reinhard Ihrig ging zuvor auf die allgemeine Situation des Vereins ein. Ziel, so Ihrig, sei es gewesen, die finanzielle Konsolidierung fortzusetzen. Mit Erfolg, wie er betonte, und wie sp\u00e4ter auch der Kassenbericht von Werner K\u00f6hler belegte, denn es wurden wieder schwarze Zahlen geschrieben. Mit rund 100 Tonnen Sand sowie Muttererde und viel Eigenleistung haben die Mitglieder im Sommer den Rasenplatz verbessert. Ihrig, der aus privaten Gr\u00fcnden seinen Posten aufgibt, blickte auf seine f\u00fcnfzehnj\u00e4hrige T\u00e4tigkeit an der SG-Spitze zur\u00fcck. Stolz zeigte er sich dabei auf die Jugendarbeit des Vereins, dem zeitweise mehr als hundert Kinder und Jugendliche angeh\u00f6rten, aber auch auf diverse Bauprojekte und die Zeit, in der die Kicker der ersten Mannschaft in der A-Liga antraten.<br \/>\nHeute spielt das Team deutlich weiter unten, bedauerte Philipp Giegerich als Abteilungsleiter Fu\u00dfball mit Blick auf den j\u00fcngsten Abstieg von der B- in die C-Liga. Die zweite Mannschaft erf\u00e4hrt noch immer und sicher auch weiterhin Unterst\u00fctzung durch Altherren-Fu\u00dfballer. Deren Sprecher Ludwig Schmucker verwies auf 48 Trainingseinheiten, neun Spiele und sechs Turnierteilnahmen. Gro\u00df geschrieben werde bei den Alten Herren aber auch die Geselligkeit.<br \/>\nHans Sch\u00f6ps leitet die Jugendabteilung. Er informierte \u00fcber den Stand von 60 Kindern im Spielbetrieb, ging aber auch auf die notwendig gewordene Jugendspielgemeinschaft mit Brensbach und Hummetroth ein. Mit Ausnahme der C-Junioren sind derzeit alle Altersklassen von A- bis F-Jugend besetzt. Selbst an Kleinsten, den Bambini, fehlt es nicht.<br \/>\nVon Beginn an sollte die SG kein reiner Fu\u00dfballverein sein. So gr\u00fcndete sich bereits nach einem Jahr des Bestehens eine Frauengymnastikgruppe, die nun seit 39 Jahren von Birgit Weber geleitet wird. Neben den Gymnastikprogrammen gehen die Damen gemeinsam Kegeln und \u00fcben sich im Nordic Walking.<br \/>\nDie Neuwahl des Vorstandes ergab folgende Besetzung: Vorsitzender Jochen Sterz, Stellvertreter J\u00fcrgen Abraham und Rainer Lannert, Rechner Reiner M\u00fcller, Stellvertreter Werner K\u00f6hler, Schriftf\u00fchrer Hans Vetter, Jugendleiter Hans Sch\u00f6ps.<br \/>\nDie Abteilungsleiterin Wirtschaft hei\u00dft Marina Sterz. Weitere Abteilungsleiter in Nieder-Kainsbach sind Philipp Giegerich (Fu\u00dfball), Birgit Weber (Turnen) sowie Ludwig Schmucker (Alte Herren), f\u00fcr den stellvertretend Norbert Tenz fungiert. Als Beisitzer arbeiten im Vorstand Andreas Werner, Thomas G\u00f6tz, Michael Scholl, Rolf Weber, Ren\u00e9 Lannert und Klaus Erhard mit.<\/p>\n<p>Der neue Vorsitzende Jochen Sterz w\u00fcrdigte seinen Vorg\u00e4nger Reinhard Ihrig und dessen T\u00e4tigkeit in insgesamt zwanzig Vorstandsjahren sowie Klaus Wilhelm, der 27 Jahre lang in wechselnden Funktionen dem Vorstand angeh\u00f6rte.<br \/>\nIn einem Ausblick w\u00fcnschte Sterz sich den Wiederaufstieg der ersten Mannschaft in die B-Liga, obwohl dies keine zwingende Forderung f\u00fcr die laufende Saison sei, und k\u00fcndigte eine Verst\u00e4rkung der zweiten Mannschaft an. Insbesondere Nachr\u00fccker aus der eigenen Jugend sollten L\u00fccken schlie\u00dfen.<\/p>\n<p>Das Bild zeigt die F\u00fchrungsmannschaft (v.l.) Klaus Ehrhard, Andreas Werner, Hans Vetter, Thomas G\u00f6tz, Marina Sterz, Ren\u00e9 Lannert, Hans Sch\u00f6ps, Reiner M\u00fcller, Philipp Giegerich, J\u00fcrgen Abraham, Ludwig Schmucker, Rainer Lannert, Werner K\u00f6hler und Vorsitzender Jochen Sterz. Es fehlen Birgit Weber, Rolf Weber, Michael Scholl, sowie Norbert Tenz.<\/p>\n<p><small>Text: Odenw\u00e4lder Echo, 12.3.2008, hds<\/small><\/p>\n","protected":false},"excerpt":{"rendered":"<p>Auf ihr vierzigj\u00e4hriges Bestehen kann die SG Nieder-Kainsbach\/Affh\u00f6llerbach jetzt zur\u00fcckblicken. Bei der Jahreshauptversammlung nannte der Vorstand mehrere Veranstaltungen, mit denen dies gefeiert werden soll. H\u00f6hepunkt wird dabei ein Kommersabend am 31. Mai sein. Vorsitzender Reinhard Ihrig ging zuvor auf die allgemeine Situation des Vereins ein. Ziel, so Ihrig, sei es gewesen, die finanzielle Konsolidierung fortzusetzen. &hellip; <a href=\"https:\/\/www.sgniederkainsbach.de\/?p=5\" class=\"more-link\"><span class=\"screen-reader-text\">Jochen Sterz l\u00f6st Reinhard Ihrig ab<\/span> weiterlesen <span class=\"meta-nav\">&rarr;<\/span><\/a><\/p>\n","protected":false},"author":6,"featured_media":7727,"comment_status":"open","ping_status":"closed","sticky":false,"template":"","format":"standard","meta":{"footnotes":""},"categories":[1],"tags":[],"class_list":["post-5","post","type-post","status-publish","format-standard","has-post-thumbnail","hentry","category-verein"],"_links":{"self":[{"href":"https:\/\/www.sgniederkainsbach.de\/index.php?rest_route=\/wp\/v2\/posts\/5","targetHints":{"allow":["GET"]}}],"collection":[{"href":"https:\/\/www.sgniederkainsbach.de\/index.php?rest_route=\/wp\/v2\/posts"}],"about":[{"href":"https:\/\/www.sgniederkainsbach.de\/index.php?rest_route=\/wp\/v2\/types\/post"}],"author":[{"embeddable":true,"href":"https:\/\/www.sgniederkainsbach.de\/index.php?rest_route=\/wp\/v2\/users\/6"}],"replies":[{"embeddable":true,"href":"https:\/\/www.sgniederkainsbach.de\/index.php?rest_route=%2Fwp%2Fv2%2Fcomments&post=5"}],"version-history":[{"count":8,"href":"https:\/\/www.sgniederkainsbach.de\/index.php?rest_route=\/wp\/v2\/posts\/5\/revisions"}],"predecessor-version":[{"id":7729,"href":"https:\/\/www.sgniederkainsbach.de\/index.php?rest_route=\/wp\/v2\/posts\/5\/revisions\/7729"}],"wp:featuredmedia":[{"embeddable":true,"href":"https:\/\/www.sgniederkainsbach.de\/index.php?rest_route=\/wp\/v2\/media\/7727"}],"wp:attachment":[{"href":"https:\/\/www.sgniederkainsbach.de\/index.php?rest_route=%2Fwp%2Fv2%2Fmedia&parent=5"}],"wp:term":[{"taxonomy":"category","embeddable":true,"href":"https:\/\/www.sgniederkainsbach.de\/index.php?rest_route=%2Fwp%2Fv2%2Fcategories&post=5"},{"taxonomy":"post_tag","embeddable":true,"href":"https:\/\/www.sgniederkainsbach.de\/index.php?rest_route=%2Fwp%2Fv2%2Ftags&post=5"}],"curies":[{"name":"wp","href":"https:\/\/api.w.org\/{rel}","templated":true}]}}