{"id":12562,"date":"2022-12-20T20:00:00","date_gmt":"2022-12-20T19:00:00","guid":{"rendered":"https:\/\/www.sgniederkainsbach.de\/?p=12562"},"modified":"2022-12-21T09:54:32","modified_gmt":"2022-12-21T08:54:32","slug":"vereinslegende-werner-schollenberger-verstorben","status":"publish","type":"post","link":"https:\/\/www.sgniederkainsbach.de\/?p=12562","title":{"rendered":"Vereinslegende Werner Schollenberger verstorben"},"content":{"rendered":"\n<p>Werner Schollenberger (2.v.l.) wechselte 1973 vom GSV Gundernhausen zur SG Nieder-Kainsbach\/Affh\u00f6llerbach e.V. und spielte fortan als Mittelst\u00fcrmer in der ersten Mannschaft. Bei insgesamt 320 Punktspiel-Eins\u00e4tzen erzielte Schollenberger 54 Tore f\u00fcr die SG und wurde mehrmals Torsch\u00fctzenk\u00f6nig.<\/p>\n\n\n\n<p>Ende der 80er Jahre wechselte er aus Altersgr\u00fcnden nach Fr\u00e4nkisch-Crumbach, da die SG zu dieser Zeit noch keine eigene AH-Mannschaft hatte. 2008 kehrte er zu der nun l\u00e4ngst etablierten AH-Abteilung der SG zur\u00fcck und unterst\u00fctzte, trotz seines hohen Alters noch die Alten Herren aktiv bei Spielen. Selbst mit 75 Jahren hatte er kaum ein Training ausgelassen und wurde f\u00fcr seine Disziplin schon h\u00e4ufig geehrt.<\/p>\n\n\n\n<p>Werner Schollenberger war viele Jahre Organisator und Streckenf\u00fchrer der Winterwanderung, die die SG traditionell zwischen Weihnachten und Silvester veranstaltet.<\/p>\n\n\n\n<p>Nun ist Werner Schollenberger nach schwerer Krankheit mit 83 Jahren friedlich eingeschlafen.<\/p>\n\n\n\n<p>Unser tiefstes Mitgef\u00fchl gilt seiner Familie und seinen Angeh\u00f6rigen. Die SG wird ihm stets ein ehrendes Andenken bewahren.<\/p>\n","protected":false},"excerpt":{"rendered":"<p>Werner Schollenberger (2.v.l.) wechselte 1973 vom GSV Gundernhausen zur SG Nieder-Kainsbach\/Affh\u00f6llerbach e.V. und spielte fortan als Mittelst\u00fcrmer in der ersten Mannschaft. Bei insgesamt 320 Punktspiel-Eins\u00e4tzen erzielte Schollenberger 54 Tore f\u00fcr die SG und wurde mehrmals Torsch\u00fctzenk\u00f6nig. Ende der 80er Jahre wechselte er aus Altersgr\u00fcnden nach Fr\u00e4nkisch-Crumbach, da die SG zu dieser Zeit noch keine eigene &hellip; <a href=\"https:\/\/www.sgniederkainsbach.de\/?p=12562\" class=\"more-link\"><span class=\"screen-reader-text\">Vereinslegende Werner Schollenberger verstorben<\/span> weiterlesen <span class=\"meta-nav\">&rarr;<\/span><\/a><\/p>\n","protected":false},"author":6,"featured_media":12563,"comment_status":"closed","ping_status":"closed","sticky":false,"template":"","format":"standard","meta":{"footnotes":""},"categories":[1],"tags":[],"class_list":["post-12562","post","type-post","status-publish","format-standard","has-post-thumbnail","hentry","category-verein"],"_links":{"self":[{"href":"https:\/\/www.sgniederkainsbach.de\/index.php?rest_route=\/wp\/v2\/posts\/12562","targetHints":{"allow":["GET"]}}],"collection":[{"href":"https:\/\/www.sgniederkainsbach.de\/index.php?rest_route=\/wp\/v2\/posts"}],"about":[{"href":"https:\/\/www.sgniederkainsbach.de\/index.php?rest_route=\/wp\/v2\/types\/post"}],"author":[{"embeddable":true,"href":"https:\/\/www.sgniederkainsbach.de\/index.php?rest_route=\/wp\/v2\/users\/6"}],"replies":[{"embeddable":true,"href":"https:\/\/www.sgniederkainsbach.de\/index.php?rest_route=%2Fwp%2Fv2%2Fcomments&post=12562"}],"version-history":[{"count":2,"href":"https:\/\/www.sgniederkainsbach.de\/index.php?rest_route=\/wp\/v2\/posts\/12562\/revisions"}],"predecessor-version":[{"id":12565,"href":"https:\/\/www.sgniederkainsbach.de\/index.php?rest_route=\/wp\/v2\/posts\/12562\/revisions\/12565"}],"wp:featuredmedia":[{"embeddable":true,"href":"https:\/\/www.sgniederkainsbach.de\/index.php?rest_route=\/wp\/v2\/media\/12563"}],"wp:attachment":[{"href":"https:\/\/www.sgniederkainsbach.de\/index.php?rest_route=%2Fwp%2Fv2%2Fmedia&parent=12562"}],"wp:term":[{"taxonomy":"category","embeddable":true,"href":"https:\/\/www.sgniederkainsbach.de\/index.php?rest_route=%2Fwp%2Fv2%2Fcategories&post=12562"},{"taxonomy":"post_tag","embeddable":true,"href":"https:\/\/www.sgniederkainsbach.de\/index.php?rest_route=%2Fwp%2Fv2%2Ftags&post=12562"}],"curies":[{"name":"wp","href":"https:\/\/api.w.org\/{rel}","templated":true}]}}