{"id":10799,"date":"2021-04-07T07:50:25","date_gmt":"2021-04-07T06:50:25","guid":{"rendered":"https:\/\/www.sgniederkainsbach.de\/?p=10799"},"modified":"2021-05-05T07:03:17","modified_gmt":"2021-05-05T06:03:17","slug":"vor-20-jahren-sg-steigt-in-die-a-liga-auf","status":"publish","type":"post","link":"https:\/\/www.sgniederkainsbach.de\/?p=10799","title":{"rendered":"Vor 20 Jahren: SG steigt in die A-Liga auf"},"content":{"rendered":"\n<p><strong>Der Amateurfu\u00dfball und das Vereinsleben sind durch die Beschr\u00e4nkungen aufgrund der Coronavirus-Pandemie weitestgehend zum Erliegen gekommen und es gibt kaum noch Geschehnisse, \u00fcber die wir berichten k\u00f6nnen. Unser Vorstandsmitglied Angelo Reeg nahm deshalb ein besonderes Ereignis, das vor 20 Jahren stattfand, zum Anlass f\u00fcr den folgenden Bericht.<\/strong><\/p>\n\n\n\n<p>Denn genau 20 Jahre ist es nun her, dass die SG Nieder-Kainsbach\/Affh\u00f6llerbach mit ihrem damaligen Spielertrainer Drago Cutura den Aufstieg in die A-Liga Odenwald schaffte. Dreiunddrei\u00dfig Jahre nach Vereinsgr\u00fcndung und vielen bitteren Niederlagen gelang der ersten Mannschaft in der Saison 2000\/2001 damit der erste, richtig gro\u00dfe Erfolg.<\/p>\n\n\n\n<p>Am Ende der Vorrunde stand unsere Mannschaft nach 17 Spielen mit 14 Siegen, zwei Unentschieden und nur einer Niederlage an der Tabellenspitze. Dabei hatte die Mannschaft 51 Tore geschossen und nur 14 Gegentreffer hinnehmen m\u00fcssen. In der R\u00fcckrunde entwickelten dann gegnerische Mannschaften einen besonderen Ehrgeiz und versuchten den Spitzenreiter unbedingt zu schlagen. Die einen, weil es immer eine besondere Genugtuung ist, einer so souver\u00e4n agierenden Mannschaft ein Bein zu stellen. Und die anderen, weil sie selbst noch eine Chance auf einen der begehrten Aufstiegspl\u00e4tze hatten. Doch auch in der R\u00fcckrunde spielte die Mannschaft selbstbewusst und erzielte 13 Siege sowie ein Remis. Nur die Spiele gegen Kinzig, mit dem sp\u00e4teren SG-Meistertrainer Robert Schwarzkamp, den Mitaufsteiger TSG Zell und den FSV Erbach mit St\u00fcrmer Ayan Ari gingen verloren.<\/p>\n\n\n\n<p>Zu dem Erfolg trug sicherlich auch eine intensive Vorbereitung bei. Die Mannschaft mit Spielertrainer Drago Cutura, Abteilungsleiter Philipp Giegerich und der aus L\u00f6rzenbach stammende Mentaltrainer Horst Butsch besuchten beispielsweise vor der Saison ein Trainingslager, bei dem die Grundlage f\u00fcr den sp\u00e4teren Erfolg ma\u00dfgeblich gelegt wurde.<\/p>\n\n\n\n<p>Nach dem letzten Spiel der Saison beim FSV Erbach, das mit einer 4:2 Niederlage endete, wurde die Nacht zum Tag gemacht. Alle Spieler, Verantwortliche und die vielen SG-Anh\u00e4nger feierten den au\u00dfergew\u00f6hnlichen Erfolg ausgiebig im \u201eD\u00f6rrschreiner Hof\u201c, beim damaligen Gastwirt und Spieler der ersten Stunde, Georg Fornoff.<\/p>\n","protected":false},"excerpt":{"rendered":"<p>Der Amateurfu\u00dfball und das Vereinsleben sind durch die Beschr\u00e4nkungen aufgrund der Coronavirus-Pandemie weitestgehend zum Erliegen gekommen und es gibt kaum noch Geschehnisse, \u00fcber die wir berichten k\u00f6nnen. Unser Vorstandsmitglied Angelo Reeg nahm deshalb ein besonderes Ereignis, das vor 20 Jahren stattfand, zum Anlass f\u00fcr den folgenden Bericht. Denn genau 20 Jahre ist es nun her, &hellip; <a href=\"https:\/\/www.sgniederkainsbach.de\/?p=10799\" class=\"more-link\"><span class=\"screen-reader-text\">Vor 20 Jahren: SG steigt in die A-Liga auf<\/span> weiterlesen <span class=\"meta-nav\">&rarr;<\/span><\/a><\/p>\n","protected":false},"author":6,"featured_media":10800,"comment_status":"closed","ping_status":"closed","sticky":false,"template":"","format":"standard","meta":{"footnotes":""},"categories":[1],"tags":[],"class_list":["post-10799","post","type-post","status-publish","format-standard","has-post-thumbnail","hentry","category-verein"],"_links":{"self":[{"href":"https:\/\/www.sgniederkainsbach.de\/index.php?rest_route=\/wp\/v2\/posts\/10799","targetHints":{"allow":["GET"]}}],"collection":[{"href":"https:\/\/www.sgniederkainsbach.de\/index.php?rest_route=\/wp\/v2\/posts"}],"about":[{"href":"https:\/\/www.sgniederkainsbach.de\/index.php?rest_route=\/wp\/v2\/types\/post"}],"author":[{"embeddable":true,"href":"https:\/\/www.sgniederkainsbach.de\/index.php?rest_route=\/wp\/v2\/users\/6"}],"replies":[{"embeddable":true,"href":"https:\/\/www.sgniederkainsbach.de\/index.php?rest_route=%2Fwp%2Fv2%2Fcomments&post=10799"}],"version-history":[{"count":3,"href":"https:\/\/www.sgniederkainsbach.de\/index.php?rest_route=\/wp\/v2\/posts\/10799\/revisions"}],"predecessor-version":[{"id":10805,"href":"https:\/\/www.sgniederkainsbach.de\/index.php?rest_route=\/wp\/v2\/posts\/10799\/revisions\/10805"}],"wp:featuredmedia":[{"embeddable":true,"href":"https:\/\/www.sgniederkainsbach.de\/index.php?rest_route=\/wp\/v2\/media\/10800"}],"wp:attachment":[{"href":"https:\/\/www.sgniederkainsbach.de\/index.php?rest_route=%2Fwp%2Fv2%2Fmedia&parent=10799"}],"wp:term":[{"taxonomy":"category","embeddable":true,"href":"https:\/\/www.sgniederkainsbach.de\/index.php?rest_route=%2Fwp%2Fv2%2Fcategories&post=10799"},{"taxonomy":"post_tag","embeddable":true,"href":"https:\/\/www.sgniederkainsbach.de\/index.php?rest_route=%2Fwp%2Fv2%2Ftags&post=10799"}],"curies":[{"name":"wp","href":"https:\/\/api.w.org\/{rel}","templated":true}]}}